{"id":6759,"date":"2024-10-16T11:44:53","date_gmt":"2024-10-16T09:44:53","guid":{"rendered":"https:\/\/griechischefilmwoche.com\/%ce%bc%ce%b7-%ce%ba%ce%b1%cf%84%ce%b7%ce%b3%ce%bf%cf%81%ce%b9%ce%bf%cf%80%ce%bf%ce%b9%ce%b7%ce%bc%ce%ad%ce%bd%ce%bf\/ausstellung-2024\/"},"modified":"2024-10-16T11:49:41","modified_gmt":"2024-10-16T09:49:41","slug":"dialexh-2024","status":"publish","type":"post","link":"https:\/\/griechischefilmwoche.com\/el\/news-el\/dialexh-2024\/","title":{"rendered":"\u0388\u03ba\u03b8\u03b5\u03c3\u03b7 \u03c4\u03b7\u03c2 \u0395\u03b2\u03b4\u03bf\u03bc\u03ac\u03b4\u03b1\u03c2 \u0395\u03bb\u03bb\u03b7\u03bd\u03b9\u03ba\u03bf\u03cd \u039a\u03b9\u03bd\u03b7\u03bc\u03b1\u03c4\u03bf\u03b3\u03c1\u03ac\u03c6\u03bf\u03c5"},"content":{"rendered":"<section  class='av_textblock_section av-m2bok5eg-a5d16728732269dd8a1618b764d04a1a '   itemscope=\"itemscope\" itemtype=\"https:\/\/schema.org\/BlogPosting\" itemprop=\"blogPost\" ><div class='avia_textblock'  itemprop=\"text\" ><h1>\u0388\u03ba\u03b8\u03b5\u03c3\u03b7 \u03c4\u03b7\u03c2 \u0395\u03b2\u03b4\u03bf\u03bc\u03ac\u03b4\u03b1\u03c2 \u0395\u03bb\u03bb\u03b7\u03bd\u03b9\u03ba\u03bf\u03cd \u039a\u03b9\u03bd\u03b7\u03bc\u03b1\u03c4\u03bf\u03b3\u03c1\u03ac\u03c6\u03bf\u03c5<\/h1>\n<\/div><\/section>\n<div  class='flex_column av-hmdpzk-e8a6f448b439ab6f917e853ef522650f av_three_fifth  avia-builder-el-1  el_after_av_textblock  el_before_av_two_fifth  first flex_column_div  column-top-margin'     ><style type=\"text\/css\" data-created_by=\"avia_inline_auto\" id=\"style-css-av-m2booeq9-ef86e232ce926000185db28f24d09b6d\">\n.avia-image-container.av-m2booeq9-ef86e232ce926000185db28f24d09b6d img.avia_image{\nbox-shadow:none;\n}\n.avia-image-container.av-m2booeq9-ef86e232ce926000185db28f24d09b6d .av-image-caption-overlay-center{\ncolor:#ffffff;\n}\n<\/style>\n<div  class='avia-image-container av-m2booeq9-ef86e232ce926000185db28f24d09b6d av-styling- avia-align-center  avia-builder-el-2  avia-builder-el-no-sibling '   itemprop=\"image\" itemscope=\"itemscope\" itemtype=\"https:\/\/schema.org\/ImageObject\" ><div class=\"avia-image-container-inner\"><div class=\"avia-image-overlay-wrap\"><img decoding=\"async\" fetchpriority=\"high\" class='wp-image-6754 avia-img-lazy-loading-not-6754 avia_image ' src=\"https:\/\/griechischefilmwoche.com\/wp-content\/uploads\/2024\/10\/Ausstellung_Opener.jpg\" alt='' title='Ausstellung_Opener'  height=\"1080\" width=\"1920\"  itemprop=\"thumbnailUrl\" srcset=\"https:\/\/griechischefilmwoche.com\/wp-content\/uploads\/2024\/10\/Ausstellung_Opener.jpg 1920w, https:\/\/griechischefilmwoche.com\/wp-content\/uploads\/2024\/10\/Ausstellung_Opener-300x169.jpg 300w, https:\/\/griechischefilmwoche.com\/wp-content\/uploads\/2024\/10\/Ausstellung_Opener-1030x579.jpg 1030w, https:\/\/griechischefilmwoche.com\/wp-content\/uploads\/2024\/10\/Ausstellung_Opener-768x432.jpg 768w, https:\/\/griechischefilmwoche.com\/wp-content\/uploads\/2024\/10\/Ausstellung_Opener-1536x864.jpg 1536w, https:\/\/griechischefilmwoche.com\/wp-content\/uploads\/2024\/10\/Ausstellung_Opener-782x440.jpg 782w, https:\/\/griechischefilmwoche.com\/wp-content\/uploads\/2024\/10\/Ausstellung_Opener-201x113.jpg 201w, https:\/\/griechischefilmwoche.com\/wp-content\/uploads\/2024\/10\/Ausstellung_Opener-1500x844.jpg 1500w, https:\/\/griechischefilmwoche.com\/wp-content\/uploads\/2024\/10\/Ausstellung_Opener-705x397.jpg 705w\" sizes=\"(max-width: 1920px) 100vw, 1920px\" \/><\/div><\/div><\/div><\/div>\n<div  class='flex_column av-1lt4c0-0d30e9deb2d93fc9b50933d87c93a50a av_two_fifth  avia-builder-el-3  el_after_av_three_fifth  el_before_av_one_full  flex_column_div  column-top-margin'     ><section  class='av_textblock_section av-m2bokb2a-ee20bc7b9b5209cc754109270f62ccb2 '   itemscope=\"itemscope\" itemtype=\"https:\/\/schema.org\/BlogPosting\" itemprop=\"blogPost\" ><div class='avia_textblock'  itemprop=\"text\" ><h4 class=\"cvGsUA direction-ltr align-start para-style-body\">\u0395\u039a\u0398\u0395\u03a3\u0397 | \u00a020+1 FemPower &#8211; \u03a3\u03cd\u03b3\u03c7\u03c1\u03bf\u03bd\u03b5\u03c2 \u039c\u03bf\u03cd\u03c3\u03b5\u03c2 \u03c4\u03b7\u03c2 \u0395\u03bb\u03bb\u03ac\u03b4\u03b1\u03c2<\/h4>\n<p class=\"cvGsUA direction-ltr align-start para-style-body\">\n<\/div><\/section><\/div><div  class='flex_column av-dphhog-7b92ca332aebd0a9f2d2e59e191ae864 av_one_full  avia-builder-el-5  el_after_av_two_fifth  el_before_av_two_fifth  first flex_column_div  '     ><\/div><\/p>\n\n<style type=\"text\/css\" data-created_by=\"avia_inline_auto\" id=\"style-css-av-18dsn4-cb53d2c3d03c8f5aa628b2a8806e1015\">\n.flex_column.av-18dsn4-cb53d2c3d03c8f5aa628b2a8806e1015{\nbackground-color:#f7bf00;\n}\n<\/style>\n<div  class='flex_column av-18dsn4-cb53d2c3d03c8f5aa628b2a8806e1015 av_two_fifth  avia-builder-el-6  el_after_av_one_full  el_before_av_three_fifth  first flex_column_div  column-top-margin'     ><section  class='av_textblock_section av-m2boky8m-6d47cb649e04898c42c4b06759119c51 '   itemscope=\"itemscope\" itemtype=\"https:\/\/schema.org\/BlogPosting\" itemprop=\"blogPost\" ><div class='avia_textblock av_inherit_color'  itemprop=\"text\" ><h2>\u03a4\u03c1\u03af\u03c4\u03b7, 12.11.2024<br \/>\n19:00<br \/>\n\u03a4\u03b5\u03bb\u03b5\u03c4\u03ae \u0388\u03bd\u03b1\u03c1\u03be\u03b7\u03c2<br \/>\nHabibi Kiosk<\/h2>\n<h3>\u0395\u03af\u03c3\u03bf\u03b4\u03bf\u03c2 \u0395\u03bb\u03b5\u03cd\u03b8\u03b5\u03c1\u03b7<\/h3>\n<\/div><\/section><br \/>\n<div  class='avia-button-wrap av-m2bon60j-d55bd8ffc18c7cfa03899290ef1234ef-wrap avia-button-right  avia-builder-el-8  el_after_av_textblock  avia-builder-el-last '>\n<style type=\"text\/css\" data-created_by=\"avia_inline_auto\" id=\"style-css-av-m2bon60j-d55bd8ffc18c7cfa03899290ef1234ef\">\n#top #wrap_all .avia-button.av-m2bon60j-d55bd8ffc18c7cfa03899290ef1234ef{\nbackground-color:#444444;\nborder-color:#444444;\ncolor:#f7bf00;\ntransition:all 0.4s ease-in-out;\n}\n#top #wrap_all .avia-button.av-m2bon60j-d55bd8ffc18c7cfa03899290ef1234ef .avia-svg-icon svg:first-child{\nfill:#f7bf00;\nstroke:#f7bf00;\n}\n<\/style>\n<a href='https:\/\/tickets.muenchenticket.net\/shop\/221\/link\/event\/425282'  class='avia-button av-m2bon60j-d55bd8ffc18c7cfa03899290ef1234ef av-link-btn avia-icon_select-no avia-size-small avia-position-right'   aria-label=\"\u0388\u03bb\u03b1\u03c4\u03b5 \u03c7\u03c9\u03c1\u03af\u03c2 \u03b5\u03b9\u03c3\u03b9\u03c4\u03ae\u03c1\u03b9\u03bf! \"><span class='avia_iconbox_title' >\u0388\u03bb\u03b1\u03c4\u03b5 \u03c7\u03c9\u03c1\u03af\u03c2 \u03b5\u03b9\u03c3\u03b9\u03c4\u03ae\u03c1\u03b9\u03bf! <\/span><\/a><\/div><\/p><\/div><div  class='flex_column av-a5rd9s-42c6c73e0cb02d50036d674d1aacaeea av_three_fifth  avia-builder-el-9  el_after_av_two_fifth  el_before_av_two_fifth  flex_column_div  column-top-margin'     ><\/div><\/p>\n\n<style type=\"text\/css\" data-created_by=\"avia_inline_auto\" id=\"style-css-av-8q0ssw-7e3a57ba9c229f490e0affdc60554643\">\n.flex_column.av-8q0ssw-7e3a57ba9c229f490e0affdc60554643{\nbackground-color:#f7bf00;\n}\n<\/style>\n<div  class='flex_column av-8q0ssw-7e3a57ba9c229f490e0affdc60554643 av_two_fifth  avia-builder-el-10  el_after_av_three_fifth  el_before_av_one_full  first flex_column_div  '     ><section  class='av_textblock_section av-m2bomd3p-62b4ef23062f4965ad868d7d7e24c2c4 '   itemscope=\"itemscope\" itemtype=\"https:\/\/schema.org\/BlogPosting\" itemprop=\"blogPost\" ><div class='avia_textblock av_inherit_color'  itemprop=\"text\" ><h2>\u03a9\u03c1\u03ac\u03c1\u03b9\u03bf \u03c4\u03b7\u03c2 \u0388\u03ba\u03b8\u03b5\u03c3\u03b7\u03c2:<br \/>\n\u03a4\u03b5\u03c4\u03ac\u03c1\u03c4\u03b7, 13.11.2024 \u03ad\u03c9\u03c2<br \/>\n\u0394\u03b5\u03c5\u03c4\u03ad\u03c1\u03b1, 18.11.2024<br \/>\n14:00 \u03ad\u03c9\u03c2 18:00<br \/>\nHabibi Kiosk<\/h2>\n<h3>\u0397 \u0395\u03af\u03c3\u03bf\u03b4\u03bf\u03c2 \u03b5\u03af\u03bd\u03b1\u03b9 \u03b5\u03bb\u03b5\u03cd\u03b8\u03b5\u03c1\u03b7.<\/h3>\n<\/div><\/section><br \/>\n<div  class='avia-button-wrap av-m2bon25h-58b09fee7af6a4efd7c04f655e29ed2b-wrap avia-button-right  avia-builder-el-12  el_after_av_textblock  avia-builder-el-last '>\n<style type=\"text\/css\" data-created_by=\"avia_inline_auto\" id=\"style-css-av-m2bon25h-58b09fee7af6a4efd7c04f655e29ed2b\">\n#top #wrap_all .avia-button.av-m2bon25h-58b09fee7af6a4efd7c04f655e29ed2b{\nbackground-color:#444444;\nborder-color:#444444;\ncolor:#f7bf00;\ntransition:all 0.4s ease-in-out;\n}\n#top #wrap_all .avia-button.av-m2bon25h-58b09fee7af6a4efd7c04f655e29ed2b .avia-svg-icon svg:first-child{\nfill:#f7bf00;\nstroke:#f7bf00;\n}\n<\/style>\n<a href='https:\/\/tickets.muenchenticket.net\/shop\/221\/link\/event\/425282'  class='avia-button av-m2bon25h-58b09fee7af6a4efd7c04f655e29ed2b av-link-btn avia-icon_select-no avia-size-small avia-position-right'   aria-label=\"\u0395\u03af\u03c3\u03bf\u03b4\u03bf\u03c2 \u0395\u03bb\u03b5\u03cd\u03b8\u03b5\u03c1\u03b7\"><span class='avia_iconbox_title' >\u0395\u03af\u03c3\u03bf\u03b4\u03bf\u03c2 \u0395\u03bb\u03b5\u03cd\u03b8\u03b5\u03c1\u03b7<\/span><\/a><\/div><\/p><\/div><div  class='flex_column av-79naps-1171fb25be2331ca5e2c119ce8d00373 av_one_full  avia-builder-el-13  el_after_av_two_fifth  el_before_av_one_full  first flex_column_div  '     ><section  class='av_textblock_section av-m2boo5mm-2744b52bb7ecdba634ef86f29170b122 '   itemscope=\"itemscope\" itemtype=\"https:\/\/schema.org\/BlogPosting\" itemprop=\"blogPost\" ><div class='avia_textblock'  itemprop=\"text\" ><p>\u0397 \u03ad\u03ba\u03b8\u03b5\u03c3\u03ae \u03bc\u03b1\u03c2 \u03be\u03b5\u03c7\u03b5\u03b9\u03bb\u03af\u03b6\u03b5\u03b9 \u03b1\u03c0\u03cc \u03b4\u03b7\u03bc\u03b9\u03bf\u03c5\u03c1\u03b3\u03b9\u03ba\u03cc\u03c4\u03b7\u03c4\u03b1 \u03ba\u03b1\u03b9 \u03c0\u03b1\u03c1\u03bf\u03c5\u03c3\u03b9\u03ac\u03b6\u03b5\u03b9 \u03b4\u03c5\u03bd\u03b1\u03bc\u03b9\u03ba\u03ad\u03c2 \u03b3\u03c5\u03bd\u03b1\u03b9\u03ba\u03b5\u03af\u03b5\u03c2 \u03c0\u03c1\u03bf\u03c3\u03c9\u03c0\u03b9\u03ba\u03cc\u03c4\u03b7\u03c4\u03b5\u03c2, \u03c0\u03bf\u03c5 \u03bc\u03b5 \u03c4\u03b7 \u03b4\u03cd\u03bd\u03b1\u03bc\u03ae \u03c4\u03bf\u03c5\u03c2, \u03c4\u03bf \u03c4\u03b1\u03bb\u03ad\u03bd\u03c4\u03bf, \u03c4\u03b7\u03bd \u03b9\u03c3\u03c4\u03bf\u03c1\u03af\u03b1 \u03ba\u03b1\u03b9 \u03c4\u03bf \u03b8\u03ac\u03c1\u03c1\u03bf\u03c2 \u03c4\u03bf\u03c5\u03c2 \u03ad\u03b8\u03b5\u03c3\u03b1\u03bd \u03bd\u03ad\u03b1 \u03c0\u03c1\u03cc\u03c4\u03c5\u03c0\u03b1. \u0395\u03bd\u03c3\u03b1\u03c1\u03ba\u03ce\u03bd\u03bf\u03c5\u03bd \u03c4\u03b7\u03bd \u03c4\u03b1\u03c5\u03c4\u03cc\u03c4\u03b7\u03c4\u03b1, \u03c4\u03bf\u03bd \u03c6\u03b5\u03bc\u03b9\u03bd\u03b9\u03c3\u03bc\u03cc \u03ba\u03b1\u03b9 \u03c4\u03b7\u03bd \u03ad\u03bc\u03c0\u03bd\u03b5\u03c5\u03c3\u03b7 \u2013 \u03ba\u03b1\u03b9 \u03bc\u03b5 \u03b1\u03c5\u03c4\u03cc\u03bd \u03c4\u03bf\u03bd \u03c4\u03c1\u03cc\u03c0\u03bf \u03ac\u03c6\u03b7\u03c3\u03b1\u03bd \u03c4\u03bf \u03c3\u03c4\u03af\u03b3\u03bc\u03b1 \u03c4\u03bf\u03c5\u03c2 \u03cc\u03c7\u03b9 \u03bc\u03cc\u03bd\u03bf \u03c3\u03c4\u03b7\u03bd \u03b5\u03bb\u03bb\u03b7\u03bd\u03b9\u03ba\u03ae \u03c4\u03ad\u03c7\u03bd\u03b7, \u03b1\u03bb\u03bb\u03ac \u03ba\u03b1\u03b9 \u03c3\u03c4\u03b7\u03bd \u03ba\u03bf\u03b9\u03bd\u03c9\u03bd\u03af\u03b1 \u03c3\u03c5\u03bd\u03bf\u03bb\u03b9\u03ba\u03ac.<\/p>\n<\/div><\/section><\/div><div  class='flex_column av-6isnc0-897542a3b8d0bc2ded0f7f1f0c206c4e av_one_full  avia-builder-el-15  el_after_av_one_full  avia-builder-el-last  first flex_column_div  column-top-margin'     ><section  class='av_textblock_section av-4ok6a8-69f41700053f7a98839c08ed134c4241 '   itemscope=\"itemscope\" itemtype=\"https:\/\/schema.org\/BlogPosting\" itemprop=\"blogPost\" ><div class='avia_textblock'  itemprop=\"text\" ><section class=\"av_textblock_section av-m1uq9tef-c55b9a4a083308460007f6344cf0d4d0 \">\n<div class=\"avia_textblock\">\n<h2>\u038c\u03bb\u03b5\u03c2 \u03bf\u03b9 \u03c4\u03b1\u03b9\u03bd\u03af\u03b5\u03c2 \u03c4\u03b7\u03c2 \u0395\u03b2\u03b4\u03bf\u03bc\u03ac\u03b4\u03b1\u03c2 \u0395\u03bb\u03bb\u03b7\u03bd\u03b9\u03ba\u03bf\u03cd \u039a\u03b9\u03bd\u03b7\u03bc\u03b1\u03c4\u03bf\u03b3\u03c1\u03ac\u03c6\u03bf\u03c5<\/h2>\n<\/div>\n<\/section>\n<div id=\"av-sc-portfolio-1\" class=\"av-portfolio-grid-sorting-container avia_sortable_active\">\n<div class=\"sort_width_container av-sort-yes\" data-portfolio-id=\"1\">\n<div id=\"js_sort_items\">\n<div class=\"sort_by_cat hidden\"><\/div>\n<\/div>\n<\/div>\n<div class=\"grid-sort-container isotope no_margin-container with-title-container grid-total-even grid-col-4 grid-links- isotope_activated\" data-portfolio-id=\"1\"><\/div>\n<\/div>\n<\/div><\/section><br \/>\n<div  id=\"av-sc-portfolio-1\"  class=\"av-portfolio-grid-sorting-container\"><div class='sort_width_container  av-sort-yes' data-portfolio-id='1' ><div id='js_sort_items' ><div class='sort_by_cat hidden'><a href=\"#\" data-filter=\"all_sort\" class=\"all_sort_button active_sort\"><span class=\"inner_sort_button\"><span>All<\/span><small class=\"av-cat-count\"> 15 <\/small><\/span><\/a><span class=\"text-sep programm-2024-el_sort_sep\">\/<\/span><a href=\"#\" data-filter=\"programm-2024-el_sort\" class=\"programm-2024-el_sort_button\" ><span class=\"inner_sort_button\"><span>\u03a0\u03c1\u03cc\u03b3\u03c1\u03b1\u03bc\u03bc\u03b1 2024<\/span><small class=\"av-cat-count\"> 15 <\/small><\/span><\/a><\/div><\/div><\/div><div  class=' grid-sort-container isotope   no_margin-container with-title-container grid-total-odd grid-col-4 grid-links-' data-portfolio-id='1'><div data-ajax-id='7113' class=' grid-entry flex_column isotope-item all_sort no_margin post-entry post-entry-7113 grid-entry-overview grid-loop-1 grid-parity-odd  programm-2024-el_sort 21112024-el_sort gasteig-hp8-programm-2024-el_sort short-film_sort  av_one_fourth first default_av_fullwidth '><article class='main_color inner-entry'  itemscope=\"itemscope\" itemtype=\"https:\/\/schema.org\/BlogPosting\" itemprop=\"blogPost\" ><a href=\"https:\/\/griechischefilmwoche.com\/el\/movie\/kurzfilme-aus-griechenland-24\/\" title='\u039c\u03b9\u03ba\u03c1\u03bf\u03cd \u039c\u03ae\u03ba\u03bf\u03c5\u03c2 \u03a4\u03b1\u03b9\u03bd\u03af\u03b5\u03c2 &#8217;24'  data-rel='grid-1' class='grid-image avia-hover-fx'> <img decoding=\"async\" fetchpriority=\"high\" width=\"260\" height=\"185\" src=\"https:\/\/griechischefilmwoche.com\/wp-content\/uploads\/2024\/10\/SHORTS_Preview-260x185.png\" class=\"wp-image-7096 avia-img-lazy-loading-not-7096 attachment-portfolio_small size-portfolio_small wp-post-image\" alt=\"\" \/><\/a><div class='grid-content'><div class='avia-arrow'><\/div><header class=\"entry-content-header\" aria-label=\"Portfolio: \u039c\u03b9\u03ba\u03c1\u03bf\u03cd \u039c\u03ae\u03ba\u03bf\u03c5\u03c2 \u03a4\u03b1\u03b9\u03bd\u03af\u03b5\u03c2 &#8217;24\"><h3 class='grid-entry-title entry-title '  itemprop=\"headline\" ><a href='https:\/\/griechischefilmwoche.com\/el\/movie\/kurzfilme-aus-griechenland-24\/' title='\u039c\u03b9\u03ba\u03c1\u03bf\u03cd \u039c\u03ae\u03ba\u03bf\u03c5\u03c2 \u03a4\u03b1\u03b9\u03bd\u03af\u03b5\u03c2 &#8217;24'>\u039c\u03b9\u03ba\u03c1\u03bf\u03cd \u039c\u03ae\u03ba\u03bf\u03c5\u03c2 \u03a4\u03b1\u03b9\u03bd\u03af\u03b5\u03c2 &#8217;24<\/a><\/h3><\/header><\/div><footer class=\"entry-footer\"><\/footer><\/article><\/div><div data-ajax-id='6227' class=' grid-entry flex_column isotope-item all_sort no_margin post-entry post-entry-6227 grid-entry-overview grid-loop-2 grid-parity-even  programm-2024-el_sort 231124-el_sort gasteig-hp8-programm-2024-el_sort  av_one_fourth  default_av_fullwidth '><article class='main_color inner-entry'  itemscope=\"itemscope\" itemtype=\"https:\/\/schema.org\/BlogPosting\" itemprop=\"blogPost\" ><a href=\"https:\/\/griechischefilmwoche.com\/el\/movie\/kourampiedes-apo-xioni\/\" title='\u039a\u03bf\u03c5\u03c1\u03b1\u03bc\u03c0\u03b9\u03ad\u03b4\u03b5\u03c2 \u03b1\u03c0\u03cc \u03c7\u03b9\u03cc\u03bd\u03b9'  data-rel='grid-1' class='grid-image avia-hover-fx'> <img decoding=\"async\" fetchpriority=\"high\" width=\"260\" height=\"185\" src=\"https:\/\/griechischefilmwoche.com\/wp-content\/uploads\/2024\/10\/Snow-Cookies-_-Preview-260x185.jpg\" class=\"wp-image-6084 avia-img-lazy-loading-not-6084 attachment-portfolio_small size-portfolio_small wp-post-image\" alt=\"Lassen Sie sich von den &quot;Snow Cookies&quot; verzaubern. Die herzerw\u00e4rmende Dramedy ist auf der Griechischen Filmwoche zu sehen.\" \/><\/a><div class='grid-content'><div class='avia-arrow'><\/div><header class=\"entry-content-header\" aria-label=\"Portfolio: \u039a\u03bf\u03c5\u03c1\u03b1\u03bc\u03c0\u03b9\u03ad\u03b4\u03b5\u03c2 \u03b1\u03c0\u03cc \u03c7\u03b9\u03cc\u03bd\u03b9\"><h3 class='grid-entry-title entry-title '  itemprop=\"headline\" ><a href='https:\/\/griechischefilmwoche.com\/el\/movie\/kourampiedes-apo-xioni\/' title='\u039a\u03bf\u03c5\u03c1\u03b1\u03bc\u03c0\u03b9\u03ad\u03b4\u03b5\u03c2 \u03b1\u03c0\u03cc \u03c7\u03b9\u03cc\u03bd\u03b9'>\u039a\u03bf\u03c5\u03c1\u03b1\u03bc\u03c0\u03b9\u03ad\u03b4\u03b5\u03c2 \u03b1\u03c0\u03cc \u03c7\u03b9\u03cc\u03bd\u03b9<\/a><\/h3><\/header><\/div><footer class=\"entry-footer\"><\/footer><\/article><\/div><div data-ajax-id='6223' class=' grid-entry flex_column isotope-item all_sort no_margin post-entry post-entry-6223 grid-entry-overview grid-loop-3 grid-parity-odd  programm-2024-el_sort 19112024-el_sort gasteig-hp8-programm-2024-el_sort comedy_sort  av_one_fourth  default_av_fullwidth '><article class='main_color inner-entry'  itemscope=\"itemscope\" itemtype=\"https:\/\/schema.org\/BlogPosting\" itemprop=\"blogPost\" ><a href=\"https:\/\/griechischefilmwoche.com\/el\/movie\/akou-poios-milaei\/\" title='\u0386\u03ba\u03bf\u03c5 \u03c0\u03bf\u03b9\u03bf\u03c2 \u03bc\u03b9\u03bb\u03ac\u03b5\u03b9'  data-rel='grid-1' class='grid-image avia-hover-fx'> <img decoding=\"async\" fetchpriority=\"high\" width=\"260\" height=\"185\" src=\"https:\/\/griechischefilmwoche.com\/wp-content\/uploads\/2024\/10\/Hear-Who-Is-Talking-_Preview-260x185.jpg\" class=\"wp-image-6068 avia-img-lazy-loading-not-6068 attachment-portfolio_small size-portfolio_small wp-post-image\" alt=\"&quot;Hear Who Is Talking&quot; (\u0391\u03ba\u03bf\u03c5 \u03c0\u03bf\u03b9\u03bf\u03c2 \u03bc\u03b9\u03bb\u03ac\u03b5\u03b9) von Theodoris Niarchos l\u00e4uft als exklusive Deutschlandpremiere auf der Griechischen Filmwoche.\" \/><\/a><div class='grid-content'><div class='avia-arrow'><\/div><header class=\"entry-content-header\" aria-label=\"Portfolio: \u0386\u03ba\u03bf\u03c5 \u03c0\u03bf\u03b9\u03bf\u03c2 \u03bc\u03b9\u03bb\u03ac\u03b5\u03b9\"><h3 class='grid-entry-title entry-title '  itemprop=\"headline\" ><a href='https:\/\/griechischefilmwoche.com\/el\/movie\/akou-poios-milaei\/' title='\u0386\u03ba\u03bf\u03c5 \u03c0\u03bf\u03b9\u03bf\u03c2 \u03bc\u03b9\u03bb\u03ac\u03b5\u03b9'>\u0386\u03ba\u03bf\u03c5 \u03c0\u03bf\u03b9\u03bf\u03c2 \u03bc\u03b9\u03bb\u03ac\u03b5\u03b9<\/a><\/h3><\/header><\/div><footer class=\"entry-footer\"><\/footer><\/article><\/div><div data-ajax-id='6215' class=' grid-entry flex_column isotope-item all_sort no_margin post-entry post-entry-6215 grid-entry-overview grid-loop-4 grid-parity-even  programm-2024-el_sort 19112024-el_sort documentary_sort gasteig-hp8-programm-2024-el_sort  av_one_fourth  default_av_fullwidth '><article class='main_color inner-entry'  itemscope=\"itemscope\" itemtype=\"https:\/\/schema.org\/BlogPosting\" itemprop=\"blogPost\" ><a href=\"https:\/\/griechischefilmwoche.com\/el\/movie\/embros-a-free-self-managed-theater\/\" title='\u0395\u039c\u03a0\u03a1\u039f\u03a3: \u0388\u03bd\u03b1 \u03b5\u03bb\u03b5\u03cd\u03b8\u03b5\u03c1\u03bf \u03b1\u03c5\u03c4\u03bf\u03b4\u03b9\u03b1\u03c7\u03b5\u03b9\u03c1\u03b9\u03b6\u03cc\u03bc\u03b5\u03bd\u03bf \u03b8\u03ad\u03b1\u03c4\u03c1\u03bf'  data-rel='grid-1' class='grid-image avia-hover-fx'> <img decoding=\"async\" fetchpriority=\"high\" width=\"260\" height=\"185\" src=\"https:\/\/griechischefilmwoche.com\/wp-content\/uploads\/2024\/10\/EMBROS_Preview-260x185.jpg\" class=\"wp-image-6059 avia-img-lazy-loading-not-6059 attachment-portfolio_small size-portfolio_small wp-post-image\" alt=\"Der Dokumentarfilm &quot;EMBROS: A Free Self-Managed Theater&quot; ist auf der Griechischen Filmwoche in M\u00fcnchen zu sehen.\" \/><\/a><div class='grid-content'><div class='avia-arrow'><\/div><header class=\"entry-content-header\" aria-label=\"Portfolio: \u0395\u039c\u03a0\u03a1\u039f\u03a3: \u0388\u03bd\u03b1 \u03b5\u03bb\u03b5\u03cd\u03b8\u03b5\u03c1\u03bf \u03b1\u03c5\u03c4\u03bf\u03b4\u03b9\u03b1\u03c7\u03b5\u03b9\u03c1\u03b9\u03b6\u03cc\u03bc\u03b5\u03bd\u03bf \u03b8\u03ad\u03b1\u03c4\u03c1\u03bf\"><h3 class='grid-entry-title entry-title '  itemprop=\"headline\" ><a href='https:\/\/griechischefilmwoche.com\/el\/movie\/embros-a-free-self-managed-theater\/' title='\u0395\u039c\u03a0\u03a1\u039f\u03a3: \u0388\u03bd\u03b1 \u03b5\u03bb\u03b5\u03cd\u03b8\u03b5\u03c1\u03bf \u03b1\u03c5\u03c4\u03bf\u03b4\u03b9\u03b1\u03c7\u03b5\u03b9\u03c1\u03b9\u03b6\u03cc\u03bc\u03b5\u03bd\u03bf \u03b8\u03ad\u03b1\u03c4\u03c1\u03bf'>\u0395\u039c\u03a0\u03a1\u039f\u03a3: \u0388\u03bd\u03b1 \u03b5\u03bb\u03b5\u03cd\u03b8\u03b5\u03c1\u03bf \u03b1\u03c5\u03c4\u03bf\u03b4\u03b9\u03b1\u03c7\u03b5\u03b9\u03c1\u03b9\u03b6\u03cc\u03bc\u03b5\u03bd\u03bf \u03b8\u03ad\u03b1\u03c4\u03c1\u03bf<\/a><\/h3><\/header><\/div><footer class=\"entry-footer\"><\/footer><\/article><\/div><div data-ajax-id='6153' class=' grid-entry flex_column isotope-item all_sort no_margin post-entry post-entry-6153 grid-entry-overview grid-loop-5 grid-parity-odd  programm-2024-el_sort thriller-el_sort 20112024-el_sort gasteig-hp8-programm-2024-el_sort  av_one_fourth first default_av_fullwidth '><article class='main_color inner-entry'  itemscope=\"itemscope\" itemtype=\"https:\/\/schema.org\/BlogPosting\" itemprop=\"blogPost\" ><a href=\"https:\/\/griechischefilmwoche.com\/el\/movie\/gyala\/\" title='\u0393\u03c5\u03ac\u03bb\u03b1'  data-rel='grid-1' class='grid-image avia-hover-fx'> <img decoding=\"async\" fetchpriority=\"high\" width=\"260\" height=\"185\" src=\"https:\/\/griechischefilmwoche.com\/wp-content\/uploads\/2024\/10\/Die-Klinik_Preview-260x185.jpg\" class=\"wp-image-6034 avia-img-lazy-loading-not-6034 attachment-portfolio_small size-portfolio_small wp-post-image\" alt=\"Nach einem Unfall findet sich eine an Amnesie leidende Frau in einer geheimnisvollen Klinik auf einer abgelegenen Insel wieder. Schnell erkennt sie, wie grauenvoll es dort ist.\" \/><\/a><div class='grid-content'><div class='avia-arrow'><\/div><header class=\"entry-content-header\" aria-label=\"Portfolio: \u0393\u03c5\u03ac\u03bb\u03b1\"><h3 class='grid-entry-title entry-title '  itemprop=\"headline\" ><a href='https:\/\/griechischefilmwoche.com\/el\/movie\/gyala\/' title='\u0393\u03c5\u03ac\u03bb\u03b1'>\u0393\u03c5\u03ac\u03bb\u03b1<\/a><\/h3><\/header><\/div><footer class=\"entry-footer\"><\/footer><\/article><\/div><div data-ajax-id='6207' class=' grid-entry flex_column isotope-item all_sort no_margin post-entry post-entry-6207 grid-entry-overview grid-loop-6 grid-parity-even  programm-2024-el_sort 22112024-el_sort documentary_sort gasteig-hp8-programm-2024-el_sort  av_one_fourth  default_av_fullwidth '><article class='main_color inner-entry'  itemscope=\"itemscope\" itemtype=\"https:\/\/schema.org\/BlogPosting\" itemprop=\"blogPost\" ><a href=\"https:\/\/griechischefilmwoche.com\/el\/movie\/h-mhtera-tou-stathmou\/\" title='\u0397 \u03bc\u03b7\u03c4\u03ad\u03c1\u03b1 \u03c4\u03bf\u03c5 \u03c3\u03c4\u03b1\u03b8\u03bc\u03bf\u03cd'  data-rel='grid-1' class='grid-image avia-hover-fx'> <img decoding=\"async\" fetchpriority=\"high\" width=\"260\" height=\"185\" src=\"https:\/\/griechischefilmwoche.com\/wp-content\/uploads\/2024\/10\/The-Mother-of-the-Station_Preview-260x185.jpg\" class=\"wp-image-6009 avia-img-lazy-loading-not-6009 attachment-portfolio_small size-portfolio_small wp-post-image\" alt=\"&quot;Mother of the Station&quot; ist eine bewegende Dokumentation, die das Leben griechischer Migrantinnen beleuchtet.\" \/><\/a><div class='grid-content'><div class='avia-arrow'><\/div><header class=\"entry-content-header\" aria-label=\"Portfolio: \u0397 \u03bc\u03b7\u03c4\u03ad\u03c1\u03b1 \u03c4\u03bf\u03c5 \u03c3\u03c4\u03b1\u03b8\u03bc\u03bf\u03cd\"><h3 class='grid-entry-title entry-title '  itemprop=\"headline\" ><a href='https:\/\/griechischefilmwoche.com\/el\/movie\/h-mhtera-tou-stathmou\/' title='\u0397 \u03bc\u03b7\u03c4\u03ad\u03c1\u03b1 \u03c4\u03bf\u03c5 \u03c3\u03c4\u03b1\u03b8\u03bc\u03bf\u03cd'>\u0397 \u03bc\u03b7\u03c4\u03ad\u03c1\u03b1 \u03c4\u03bf\u03c5 \u03c3\u03c4\u03b1\u03b8\u03bc\u03bf\u03cd<\/a><\/h3><\/header><\/div><footer class=\"entry-footer\"><\/footer><\/article><\/div><div data-ajax-id='5998' class=' grid-entry flex_column isotope-item all_sort no_margin post-entry post-entry-5998 grid-entry-overview grid-loop-7 grid-parity-odd  programm-2024-el_sort 17112024-el_sort theatiner-el-24_sort drama-el_sort  av_one_fourth  default_av_fullwidth '><article class='main_color inner-entry'  itemscope=\"itemscope\" itemtype=\"https:\/\/schema.org\/BlogPosting\" itemprop=\"blogPost\" ><a href=\"https:\/\/griechischefilmwoche.com\/el\/movie\/animal\/\" title='Animal'  data-rel='grid-1' class='grid-image avia-hover-fx'> <img decoding=\"async\" fetchpriority=\"high\" width=\"260\" height=\"185\" src=\"https:\/\/griechischefilmwoche.com\/wp-content\/uploads\/2024\/10\/Animal_Preview-260x185.jpg\" class=\"wp-image-5992 avia-img-lazy-loading-not-5992 attachment-portfolio_small size-portfolio_small wp-post-image\" alt=\"Die Show geht weiter in &quot;Animal&quot; auf der Griechischen Filmwoche in M\u00fcnchen.\" \/><\/a><div class='grid-content'><div class='avia-arrow'><\/div><header class=\"entry-content-header\" aria-label=\"Portfolio: Animal\"><h3 class='grid-entry-title entry-title '  itemprop=\"headline\" ><a href='https:\/\/griechischefilmwoche.com\/el\/movie\/animal\/' title='Animal'>Animal<\/a><\/h3><\/header><\/div><footer class=\"entry-footer\"><\/footer><\/article><\/div><div data-ajax-id='6195' class=' grid-entry flex_column isotope-item all_sort no_margin post-entry post-entry-6195 grid-entry-overview grid-loop-8 grid-parity-even  programm-2024-el_sort 21112024-el_sort gasteig-hp8-programm-2024_sort gasteig-hp8-programm-2024-el_sort  av_one_fourth  default_av_fullwidth '><article class='main_color inner-entry'  itemscope=\"itemscope\" itemtype=\"https:\/\/schema.org\/BlogPosting\" itemprop=\"blogPost\" ><a href=\"https:\/\/griechischefilmwoche.com\/el\/movie\/mhdeia\/\" title='\u039c\u03ae\u03b4\u03b5\u03b9\u03b1'  data-rel='grid-1' class='grid-image avia-hover-fx'> <img decoding=\"async\" fetchpriority=\"high\" width=\"260\" height=\"185\" src=\"https:\/\/griechischefilmwoche.com\/wp-content\/uploads\/2024\/10\/Medea_Preview-260x185.jpg\" class=\"wp-image-5979 avia-img-lazy-loading-not-5979 attachment-portfolio_small size-portfolio_small wp-post-image\" alt=\"Medea mit Maria Callas in der Hauptrolle von Pier Paolo Pasolini\" \/><\/a><div class='grid-content'><div class='avia-arrow'><\/div><header class=\"entry-content-header\" aria-label=\"Portfolio: \u039c\u03ae\u03b4\u03b5\u03b9\u03b1\"><h3 class='grid-entry-title entry-title '  itemprop=\"headline\" ><a href='https:\/\/griechischefilmwoche.com\/el\/movie\/mhdeia\/' title='\u039c\u03ae\u03b4\u03b5\u03b9\u03b1'>\u039c\u03ae\u03b4\u03b5\u03b9\u03b1<\/a><\/h3><\/header><\/div><footer class=\"entry-footer\"><\/footer><\/article><\/div><div data-ajax-id='6147' class=' grid-entry flex_column isotope-item all_sort no_margin post-entry post-entry-6147 grid-entry-overview grid-loop-9 grid-parity-odd  programm-2024-el_sort 17112024-el_sort theatiner-el-24_sort documentary_sort  av_one_fourth first default_av_fullwidth '><article class='main_color inner-entry'  itemscope=\"itemscope\" itemtype=\"https:\/\/schema.org\/BlogPosting\" itemprop=\"blogPost\" ><a href=\"https:\/\/griechischefilmwoche.com\/el\/movie\/mairh-marianna-maria\/\" title='\u039c\u03b1\u03af\u03c1\u03b7, \u039c\u03b1\u03c1\u03b9\u03ac\u03bd\u03bd\u03b1, \u039c\u03b1\u03c1\u03af\u03b1'  data-rel='grid-1' class='grid-image avia-hover-fx'> <img decoding=\"async\" fetchpriority=\"high\" width=\"260\" height=\"185\" src=\"https:\/\/griechischefilmwoche.com\/wp-content\/uploads\/2024\/10\/Mary-Marianna-Maria_Preview-260x185.jpg\" class=\"wp-image-5957 avia-img-lazy-loading-not-5957 attachment-portfolio_small size-portfolio_small wp-post-image\" alt=\"Mary, Marianna, Maria ist ein Dokumentarfilm \u00fcber Maria Callas und l\u00e4uft auf der Griechischen Filmwoche in M\u00fcnchen.\" \/><\/a><div class='grid-content'><div class='avia-arrow'><\/div><header class=\"entry-content-header\" aria-label=\"Portfolio: \u039c\u03b1\u03af\u03c1\u03b7, \u039c\u03b1\u03c1\u03b9\u03ac\u03bd\u03bd\u03b1, \u039c\u03b1\u03c1\u03af\u03b1\"><h3 class='grid-entry-title entry-title '  itemprop=\"headline\" ><a href='https:\/\/griechischefilmwoche.com\/el\/movie\/mairh-marianna-maria\/' title='\u039c\u03b1\u03af\u03c1\u03b7, \u039c\u03b1\u03c1\u03b9\u03ac\u03bd\u03bd\u03b1, \u039c\u03b1\u03c1\u03af\u03b1'>\u039c\u03b1\u03af\u03c1\u03b7, \u039c\u03b1\u03c1\u03b9\u03ac\u03bd\u03bd\u03b1, \u039c\u03b1\u03c1\u03af\u03b1<\/a><\/h3><\/header><\/div><footer class=\"entry-footer\"><\/footer><\/article><\/div><div data-ajax-id='5881' class=' grid-entry flex_column isotope-item all_sort no_margin post-entry post-entry-5881 grid-entry-overview grid-loop-10 grid-parity-even  programm-2024-el_sort 22112024-el_sort gasteig-hp8-programm-2024-el_sort  av_one_fourth  default_av_fullwidth '><article class='main_color inner-entry'  itemscope=\"itemscope\" itemtype=\"https:\/\/schema.org\/BlogPosting\" itemprop=\"blogPost\" ><a href=\"https:\/\/griechischefilmwoche.com\/el\/movie\/polydroso\/\" title='\u03a0\u03bf\u03bb\u03cd\u03b4\u03c1\u03bf\u03c3\u03bf'  data-rel='grid-1' class='grid-image avia-hover-fx'> <img decoding=\"async\" fetchpriority=\"high\" width=\"260\" height=\"185\" src=\"https:\/\/griechischefilmwoche.com\/wp-content\/uploads\/2024\/10\/Polydroso_Preview-260x185.jpg\" class=\"wp-image-5873 avia-img-lazy-loading-not-5873 attachment-portfolio_small size-portfolio_small wp-post-image\" alt=\"Das Drama &quot;Polydroso&quot; ist auf der Griechischen Filmwoche in M\u00fcnchen zu sehen.\" \/><\/a><div class='grid-content'><div class='avia-arrow'><\/div><header class=\"entry-content-header\" aria-label=\"Portfolio: \u03a0\u03bf\u03bb\u03cd\u03b4\u03c1\u03bf\u03c3\u03bf\"><h3 class='grid-entry-title entry-title '  itemprop=\"headline\" ><a href='https:\/\/griechischefilmwoche.com\/el\/movie\/polydroso\/' title='\u03a0\u03bf\u03bb\u03cd\u03b4\u03c1\u03bf\u03c3\u03bf'>\u03a0\u03bf\u03bb\u03cd\u03b4\u03c1\u03bf\u03c3\u03bf<\/a><\/h3><\/header><\/div><footer class=\"entry-footer\"><\/footer><\/article><\/div><div data-ajax-id='6167' class=' grid-entry flex_column isotope-item all_sort no_margin post-entry post-entry-6167 grid-entry-overview grid-loop-11 grid-parity-odd  programm-2024-el_sort 16112024-el_sort theatiner-el-24_sort documentary_sort  av_one_fourth  default_av_fullwidth '><article class='main_color inner-entry'  itemscope=\"itemscope\" itemtype=\"https:\/\/schema.org\/BlogPosting\" itemprop=\"blogPost\" ><a href=\"https:\/\/griechischefilmwoche.com\/el\/movie\/lesbia\/\" title='\u039b\u03b5\u03c3\u03b2\u03af\u03b1'  data-rel='grid-1' class='grid-image avia-hover-fx'> <img decoding=\"async\" fetchpriority=\"high\" width=\"260\" height=\"185\" src=\"https:\/\/griechischefilmwoche.com\/wp-content\/uploads\/2024\/10\/Lesvia_Preview-260x185.jpg\" class=\"wp-image-5859 avia-img-lazy-loading-not-5859 attachment-portfolio_small size-portfolio_small wp-post-image\" alt=\"Der preisgekr\u00f6nte Dokumentarfilm &quot;Lesvia&quot; von Tzeli Hadjidimitriou ist auf der Griechischen Filmwoche zu sehen.\" \/><\/a><div class='grid-content'><div class='avia-arrow'><\/div><header class=\"entry-content-header\" aria-label=\"Portfolio: \u039b\u03b5\u03c3\u03b2\u03af\u03b1\"><h3 class='grid-entry-title entry-title '  itemprop=\"headline\" ><a href='https:\/\/griechischefilmwoche.com\/el\/movie\/lesbia\/' title='\u039b\u03b5\u03c3\u03b2\u03af\u03b1'>\u039b\u03b5\u03c3\u03b2\u03af\u03b1<\/a><\/h3><\/header><\/div><footer class=\"entry-footer\"><\/footer><\/article><\/div><div data-ajax-id='5850' class=' grid-entry flex_column isotope-item all_sort no_margin post-entry post-entry-5850 grid-entry-overview grid-loop-12 grid-parity-even  programm-2024-el_sort 16112024-el_sort 231124-el_sort theatiner-el-24_sort gasteig-hp8-programm-2024-el_sort pasinger-fabrik-24_sort  av_one_fourth  default_av_fullwidth '><article class='main_color inner-entry'  itemscope=\"itemscope\" itemtype=\"https:\/\/schema.org\/BlogPosting\" itemprop=\"blogPost\" ><a href=\"https:\/\/griechischefilmwoche.com\/el\/movie\/to-kalokairi-tis-karmen\/\" title='\u03a4\u03bf \u03ba\u03b1\u03bb\u03bf\u03ba\u03b1\u03af\u03c1\u03b9 \u03c4\u03b7\u03c2 \u039a\u03ac\u03c1\u03bc\u03b5\u03bd'  data-rel='grid-1' class='grid-image avia-hover-fx'> <img decoding=\"async\" fetchpriority=\"high\" width=\"260\" height=\"185\" src=\"https:\/\/griechischefilmwoche.com\/wp-content\/uploads\/2024\/10\/Der-Sommer-von-Carmen_Preview-260x185.jpg\" class=\"wp-image-5847 avia-img-lazy-loading-not-5847 attachment-portfolio_small size-portfolio_small wp-post-image\" alt=\"Die queere Kinokom\u00f6die aus Griechenland &quot;Der Sommer von Carmen&quot; auf der Griechischen Filmwoche in M\u00fcnchen\" \/><\/a><div class='grid-content'><div class='avia-arrow'><\/div><header class=\"entry-content-header\" aria-label=\"Portfolio: \u03a4\u03bf \u03ba\u03b1\u03bb\u03bf\u03ba\u03b1\u03af\u03c1\u03b9 \u03c4\u03b7\u03c2 \u039a\u03ac\u03c1\u03bc\u03b5\u03bd\"><h3 class='grid-entry-title entry-title '  itemprop=\"headline\" ><a href='https:\/\/griechischefilmwoche.com\/el\/movie\/to-kalokairi-tis-karmen\/' title='\u03a4\u03bf \u03ba\u03b1\u03bb\u03bf\u03ba\u03b1\u03af\u03c1\u03b9 \u03c4\u03b7\u03c2 \u039a\u03ac\u03c1\u03bc\u03b5\u03bd'>\u03a4\u03bf \u03ba\u03b1\u03bb\u03bf\u03ba\u03b1\u03af\u03c1\u03b9 \u03c4\u03b7\u03c2 \u039a\u03ac\u03c1\u03bc\u03b5\u03bd<\/a><\/h3><\/header><\/div><footer class=\"entry-footer\"><\/footer><\/article><\/div><div data-ajax-id='5825' class=' grid-entry flex_column isotope-item all_sort no_margin post-entry post-entry-5825 grid-entry-overview grid-loop-13 grid-parity-odd  14112024-el_sort programm-2024-el_sort riofilmpalast-el-24_sort  av_one_fourth first default_av_fullwidth '><article class='main_color inner-entry'  itemscope=\"itemscope\" itemtype=\"https:\/\/schema.org\/BlogPosting\" itemprop=\"blogPost\" ><a href=\"https:\/\/griechischefilmwoche.com\/el\/movie\/kravgi-gynaikwn\/\" title='\u039a\u03c1\u03b1\u03c5\u03b3\u03ae \u0393\u03c5\u03bd\u03b1\u03b9\u03ba\u03ce\u03bd'  data-rel='grid-1' class='grid-image avia-hover-fx'> <img decoding=\"async\" fetchpriority=\"high\" width=\"260\" height=\"185\" src=\"https:\/\/griechischefilmwoche.com\/wp-content\/uploads\/2024\/10\/Traum_einer_Leidenschaft_Preview-260x185.jpg\" class=\"wp-image-5824 avia-img-lazy-loading-not-5824 attachment-portfolio_small size-portfolio_small wp-post-image\" alt=\"&quot;Traum einer Leidenschaft&quot; von Jules Dassin ist der Er\u00f6ffnungsfilm der Griechischen Filmwoche M\u00fcnchen.\" \/><\/a><div class='grid-content'><div class='avia-arrow'><\/div><header class=\"entry-content-header\" aria-label=\"Portfolio: \u039a\u03c1\u03b1\u03c5\u03b3\u03ae \u0393\u03c5\u03bd\u03b1\u03b9\u03ba\u03ce\u03bd\"><h3 class='grid-entry-title entry-title '  itemprop=\"headline\" ><a href='https:\/\/griechischefilmwoche.com\/el\/movie\/kravgi-gynaikwn\/' title='\u039a\u03c1\u03b1\u03c5\u03b3\u03ae \u0393\u03c5\u03bd\u03b1\u03b9\u03ba\u03ce\u03bd'>\u039a\u03c1\u03b1\u03c5\u03b3\u03ae \u0393\u03c5\u03bd\u03b1\u03b9\u03ba\u03ce\u03bd<\/a><\/h3><\/header><\/div><footer class=\"entry-footer\"><\/footer><\/article><\/div><div data-ajax-id='5801' class=' grid-entry flex_column isotope-item all_sort no_margin post-entry post-entry-5801 grid-entry-overview grid-loop-14 grid-parity-even  15112024-el_sort programm-2024-el_sort 20112024-el_sort theatiner-el-24_sort gasteig-hp8-programm-2024-el_sort  av_one_fourth  default_av_fullwidth '><article class='main_color inner-entry'  itemscope=\"itemscope\" itemtype=\"https:\/\/schema.org\/BlogPosting\" itemprop=\"blogPost\" ><a href=\"https:\/\/griechischefilmwoche.com\/el\/movie\/mentioum\/\" title='\u039c\u03ad\u03bd\u03c4\u03b9\u03bf\u03c5\u03bc'  data-rel='grid-1' class='grid-image avia-hover-fx'> <img decoding=\"async\" fetchpriority=\"high\" width=\"260\" height=\"185\" src=\"https:\/\/griechischefilmwoche.com\/wp-content\/uploads\/2024\/10\/Medium_Preview-260x185.jpg\" class=\"wp-image-5798 avia-img-lazy-loading-not-5798 attachment-portfolio_small size-portfolio_small wp-post-image\" alt=\"Das griechische Drama &quot;Medium&quot; auf der Griechischen Filmwoche in M\u00fcnchen\" \/><\/a><div class='grid-content'><div class='avia-arrow'><\/div><header class=\"entry-content-header\" aria-label=\"Portfolio: \u039c\u03ad\u03bd\u03c4\u03b9\u03bf\u03c5\u03bc\"><h3 class='grid-entry-title entry-title '  itemprop=\"headline\" ><a href='https:\/\/griechischefilmwoche.com\/el\/movie\/mentioum\/' title='\u039c\u03ad\u03bd\u03c4\u03b9\u03bf\u03c5\u03bc'>\u039c\u03ad\u03bd\u03c4\u03b9\u03bf\u03c5\u03bc<\/a><\/h3><\/header><\/div><footer class=\"entry-footer\"><\/footer><\/article><\/div><div data-ajax-id='5735' class=' grid-entry flex_column isotope-item all_sort no_margin post-entry post-entry-5735 grid-entry-overview grid-loop-15 grid-parity-odd  post-entry-last  15112024-el_sort programm-2024-el_sort 231124-el_sort theatiner-el-24_sort gasteig-hp8-programm-2024-el_sort  av_one_fourth  default_av_fullwidth '><article class='main_color inner-entry'  itemscope=\"itemscope\" itemtype=\"https:\/\/schema.org\/BlogPosting\" itemprop=\"blogPost\" ><a href=\"https:\/\/griechischefilmwoche.com\/el\/movie\/fonissa\/\" title='\u03a6\u03cc\u03bd\u03b9\u03c3\u03c3\u03b1'  data-rel='grid-1' class='grid-image avia-hover-fx'> <img decoding=\"async\" fetchpriority=\"high\" width=\"260\" height=\"185\" src=\"https:\/\/griechischefilmwoche.com\/wp-content\/uploads\/2024\/10\/TheMurderess_Fonissa_Preview-260x185.jpg\" class=\"wp-image-5767 avia-img-lazy-loading-not-5767 attachment-portfolio_small size-portfolio_small wp-post-image\" alt=\"&quot;Die M\u00f6rderin&quot; wird zum ersten Mal mit deutschen Untertiteln auf der Griechischen Filmwoche in M\u00fcnchen gezeigt.\" \/><\/a><div class='grid-content'><div class='avia-arrow'><\/div><header class=\"entry-content-header\" aria-label=\"Portfolio: \u03a6\u03cc\u03bd\u03b9\u03c3\u03c3\u03b1\"><h3 class='grid-entry-title entry-title '  itemprop=\"headline\" ><a href='https:\/\/griechischefilmwoche.com\/el\/movie\/fonissa\/' title='\u03a6\u03cc\u03bd\u03b9\u03c3\u03c3\u03b1'>\u03a6\u03cc\u03bd\u03b9\u03c3\u03c3\u03b1<\/a><\/h3><\/header><\/div><footer class=\"entry-footer\"><\/footer><\/article><\/div><\/div><\/div>   <!--   class=\"av-portfolio-grid-sorting-container\"  --><\/p><\/div><\/p>\n","protected":false},"excerpt":{"rendered":"","protected":false},"author":4,"featured_media":6754,"comment_status":"closed","ping_status":"closed","sticky":false,"template":"","format":"standard","meta":{"footnotes":""},"categories":[146],"tags":[],"class_list":["post-6759","post","type-post","status-publish","format-standard","has-post-thumbnail","hentry","category-news-el"],"yoast_head":"<!-- This site is optimized with the Yoast SEO plugin v27.5 - https:\/\/yoast.com\/product\/yoast-seo-wordpress\/ -->\n<title>\u0388\u03ba\u03b8\u03b5\u03c3\u03b7 \u03c4\u03b7\u03c2 \u0395\u03b2\u03b4\u03bf\u03bc\u03ac\u03b4\u03b1\u03c2 \u0395\u03bb\u03bb\u03b7\u03bd\u03b9\u03ba\u03bf\u03cd \u039a\u03b9\u03bd\u03b7\u03bc\u03b1\u03c4\u03bf\u03b3\u03c1\u03ac\u03c6\u03bf\u03c5 - Griechische Filmwoche<\/title>\n<meta name=\"robots\" content=\"index, follow, max-snippet:-1, max-image-preview:large, max-video-preview:-1\" \/>\n<link rel=\"canonical\" href=\"https:\/\/griechischefilmwoche.com\/el\/news-el\/dialexh-2024\/\" \/>\n<meta property=\"og:locale\" content=\"el_GR\" \/>\n<meta property=\"og:type\" content=\"article\" \/>\n<meta property=\"og:title\" content=\"\u0388\u03ba\u03b8\u03b5\u03c3\u03b7 \u03c4\u03b7\u03c2 \u0395\u03b2\u03b4\u03bf\u03bc\u03ac\u03b4\u03b1\u03c2 \u0395\u03bb\u03bb\u03b7\u03bd\u03b9\u03ba\u03bf\u03cd \u039a\u03b9\u03bd\u03b7\u03bc\u03b1\u03c4\u03bf\u03b3\u03c1\u03ac\u03c6\u03bf\u03c5 - Griechische Filmwoche\" \/>\n<meta property=\"og:url\" content=\"https:\/\/griechischefilmwoche.com\/el\/news-el\/dialexh-2024\/\" \/>\n<meta property=\"og:site_name\" content=\"Griechische Filmwoche\" \/>\n<meta property=\"article:published_time\" content=\"2024-10-16T09:44:53+00:00\" \/>\n<meta property=\"article:modified_time\" content=\"2024-10-16T09:49:41+00:00\" \/>\n<meta property=\"og:image\" content=\"https:\/\/griechischefilmwoche.com\/wp-content\/uploads\/2024\/10\/Ausstellung_Opener.jpg\" \/>\n\t<meta property=\"og:image:width\" content=\"1920\" \/>\n\t<meta property=\"og:image:height\" content=\"1080\" \/>\n\t<meta property=\"og:image:type\" content=\"image\/jpeg\" \/>\n<meta name=\"author\" content=\"gfw-kostas\" \/>\n<meta name=\"twitter:card\" content=\"summary_large_image\" \/>\n<meta name=\"twitter:label1\" content=\"\u03a3\u03c5\u03bd\u03c4\u03ac\u03c7\u03b8\u03b7\u03ba\u03b5 \u03b1\u03c0\u03cc\" \/>\n\t<meta name=\"twitter:data1\" content=\"gfw-kostas\" \/>\n\t<meta name=\"twitter:label2\" content=\"\u0395\u03ba\u03c4\u03b9\u03bc\u03ce\u03bc\u03b5\u03bd\u03bf\u03c2 \u03c7\u03c1\u03cc\u03bd\u03bf\u03c2 \u03b1\u03bd\u03ac\u03b3\u03bd\u03c9\u03c3\u03b7\u03c2\" \/>\n\t<meta name=\"twitter:data2\" content=\"4 \u03bb\u03b5\u03c0\u03c4\u03ac\" \/>\n<script type=\"application\/ld+json\" class=\"yoast-schema-graph\">{\"@context\":\"https:\\\/\\\/schema.org\",\"@graph\":[{\"@type\":\"Article\",\"@id\":\"https:\\\/\\\/griechischefilmwoche.com\\\/el\\\/news-el\\\/dialexh-2024\\\/#article\",\"isPartOf\":{\"@id\":\"https:\\\/\\\/griechischefilmwoche.com\\\/el\\\/news-el\\\/dialexh-2024\\\/\"},\"author\":{\"name\":\"gfw-kostas\",\"@id\":\"https:\\\/\\\/griechischefilmwoche.com\\\/el\\\/#\\\/schema\\\/person\\\/c04a70d149fd4aa62ee55b71ebf8143a\"},\"headline\":\"\u0388\u03ba\u03b8\u03b5\u03c3\u03b7 \u03c4\u03b7\u03c2 \u0395\u03b2\u03b4\u03bf\u03bc\u03ac\u03b4\u03b1\u03c2 \u0395\u03bb\u03bb\u03b7\u03bd\u03b9\u03ba\u03bf\u03cd \u039a\u03b9\u03bd\u03b7\u03bc\u03b1\u03c4\u03bf\u03b3\u03c1\u03ac\u03c6\u03bf\u03c5\",\"datePublished\":\"2024-10-16T09:44:53+00:00\",\"dateModified\":\"2024-10-16T09:49:41+00:00\",\"mainEntityOfPage\":{\"@id\":\"https:\\\/\\\/griechischefilmwoche.com\\\/el\\\/news-el\\\/dialexh-2024\\\/\"},\"wordCount\":3971,\"image\":{\"@id\":\"https:\\\/\\\/griechischefilmwoche.com\\\/el\\\/news-el\\\/dialexh-2024\\\/#primaryimage\"},\"thumbnailUrl\":\"https:\\\/\\\/griechischefilmwoche.com\\\/wp-content\\\/uploads\\\/2024\\\/10\\\/Ausstellung_Opener.jpg\",\"articleSection\":[\"News\"],\"inLanguage\":\"el\"},{\"@type\":\"WebPage\",\"@id\":\"https:\\\/\\\/griechischefilmwoche.com\\\/el\\\/news-el\\\/dialexh-2024\\\/\",\"url\":\"https:\\\/\\\/griechischefilmwoche.com\\\/el\\\/news-el\\\/dialexh-2024\\\/\",\"name\":\"\u0388\u03ba\u03b8\u03b5\u03c3\u03b7 \u03c4\u03b7\u03c2 \u0395\u03b2\u03b4\u03bf\u03bc\u03ac\u03b4\u03b1\u03c2 \u0395\u03bb\u03bb\u03b7\u03bd\u03b9\u03ba\u03bf\u03cd \u039a\u03b9\u03bd\u03b7\u03bc\u03b1\u03c4\u03bf\u03b3\u03c1\u03ac\u03c6\u03bf\u03c5 - Griechische Filmwoche\",\"isPartOf\":{\"@id\":\"https:\\\/\\\/griechischefilmwoche.com\\\/el\\\/#website\"},\"primaryImageOfPage\":{\"@id\":\"https:\\\/\\\/griechischefilmwoche.com\\\/el\\\/news-el\\\/dialexh-2024\\\/#primaryimage\"},\"image\":{\"@id\":\"https:\\\/\\\/griechischefilmwoche.com\\\/el\\\/news-el\\\/dialexh-2024\\\/#primaryimage\"},\"thumbnailUrl\":\"https:\\\/\\\/griechischefilmwoche.com\\\/wp-content\\\/uploads\\\/2024\\\/10\\\/Ausstellung_Opener.jpg\",\"datePublished\":\"2024-10-16T09:44:53+00:00\",\"dateModified\":\"2024-10-16T09:49:41+00:00\",\"author\":{\"@id\":\"https:\\\/\\\/griechischefilmwoche.com\\\/el\\\/#\\\/schema\\\/person\\\/c04a70d149fd4aa62ee55b71ebf8143a\"},\"breadcrumb\":{\"@id\":\"https:\\\/\\\/griechischefilmwoche.com\\\/el\\\/news-el\\\/dialexh-2024\\\/#breadcrumb\"},\"inLanguage\":\"el\",\"potentialAction\":[{\"@type\":\"ReadAction\",\"target\":[\"https:\\\/\\\/griechischefilmwoche.com\\\/el\\\/news-el\\\/dialexh-2024\\\/\"]}]},{\"@type\":\"ImageObject\",\"inLanguage\":\"el\",\"@id\":\"https:\\\/\\\/griechischefilmwoche.com\\\/el\\\/news-el\\\/dialexh-2024\\\/#primaryimage\",\"url\":\"https:\\\/\\\/griechischefilmwoche.com\\\/wp-content\\\/uploads\\\/2024\\\/10\\\/Ausstellung_Opener.jpg\",\"contentUrl\":\"https:\\\/\\\/griechischefilmwoche.com\\\/wp-content\\\/uploads\\\/2024\\\/10\\\/Ausstellung_Opener.jpg\",\"width\":1920,\"height\":1080},{\"@type\":\"BreadcrumbList\",\"@id\":\"https:\\\/\\\/griechischefilmwoche.com\\\/el\\\/news-el\\\/dialexh-2024\\\/#breadcrumb\",\"itemListElement\":[{\"@type\":\"ListItem\",\"position\":1,\"name\":\"Home\",\"item\":\"https:\\\/\\\/griechischefilmwoche.com\\\/el\\\/programm2025\\\/\"},{\"@type\":\"ListItem\",\"position\":2,\"name\":\"\u0388\u03ba\u03b8\u03b5\u03c3\u03b7 \u03c4\u03b7\u03c2 \u0395\u03b2\u03b4\u03bf\u03bc\u03ac\u03b4\u03b1\u03c2 \u0395\u03bb\u03bb\u03b7\u03bd\u03b9\u03ba\u03bf\u03cd \u039a\u03b9\u03bd\u03b7\u03bc\u03b1\u03c4\u03bf\u03b3\u03c1\u03ac\u03c6\u03bf\u03c5\"}]},{\"@type\":\"WebSite\",\"@id\":\"https:\\\/\\\/griechischefilmwoche.com\\\/el\\\/#website\",\"url\":\"https:\\\/\\\/griechischefilmwoche.com\\\/el\\\/\",\"name\":\"Griechische Filmwoche\",\"description\":\"\",\"potentialAction\":[{\"@type\":\"SearchAction\",\"target\":{\"@type\":\"EntryPoint\",\"urlTemplate\":\"https:\\\/\\\/griechischefilmwoche.com\\\/el\\\/?s={search_term_string}\"},\"query-input\":{\"@type\":\"PropertyValueSpecification\",\"valueRequired\":true,\"valueName\":\"search_term_string\"}}],\"inLanguage\":\"el\"},{\"@type\":\"Person\",\"@id\":\"https:\\\/\\\/griechischefilmwoche.com\\\/el\\\/#\\\/schema\\\/person\\\/c04a70d149fd4aa62ee55b71ebf8143a\",\"name\":\"gfw-kostas\",\"image\":{\"@type\":\"ImageObject\",\"inLanguage\":\"el\",\"@id\":\"https:\\\/\\\/secure.gravatar.com\\\/avatar\\\/d210c37a97c15c0e086a2864635d73b552b87c7bae60840899dac8c432b8ce41?s=96&d=mm&r=g\",\"url\":\"https:\\\/\\\/secure.gravatar.com\\\/avatar\\\/d210c37a97c15c0e086a2864635d73b552b87c7bae60840899dac8c432b8ce41?s=96&d=mm&r=g\",\"contentUrl\":\"https:\\\/\\\/secure.gravatar.com\\\/avatar\\\/d210c37a97c15c0e086a2864635d73b552b87c7bae60840899dac8c432b8ce41?s=96&d=mm&r=g\",\"caption\":\"gfw-kostas\"},\"url\":\"https:\\\/\\\/griechischefilmwoche.com\\\/el\\\/author\\\/kostasgfw\\\/\"}]}<\/script>\n<!-- \/ Yoast SEO plugin. -->","yoast_head_json":{"title":"\u0388\u03ba\u03b8\u03b5\u03c3\u03b7 \u03c4\u03b7\u03c2 \u0395\u03b2\u03b4\u03bf\u03bc\u03ac\u03b4\u03b1\u03c2 \u0395\u03bb\u03bb\u03b7\u03bd\u03b9\u03ba\u03bf\u03cd \u039a\u03b9\u03bd\u03b7\u03bc\u03b1\u03c4\u03bf\u03b3\u03c1\u03ac\u03c6\u03bf\u03c5 - Griechische Filmwoche","robots":{"index":"index","follow":"follow","max-snippet":"max-snippet:-1","max-image-preview":"max-image-preview:large","max-video-preview":"max-video-preview:-1"},"canonical":"https:\/\/griechischefilmwoche.com\/el\/news-el\/dialexh-2024\/","og_locale":"el_GR","og_type":"article","og_title":"\u0388\u03ba\u03b8\u03b5\u03c3\u03b7 \u03c4\u03b7\u03c2 \u0395\u03b2\u03b4\u03bf\u03bc\u03ac\u03b4\u03b1\u03c2 \u0395\u03bb\u03bb\u03b7\u03bd\u03b9\u03ba\u03bf\u03cd \u039a\u03b9\u03bd\u03b7\u03bc\u03b1\u03c4\u03bf\u03b3\u03c1\u03ac\u03c6\u03bf\u03c5 - Griechische Filmwoche","og_url":"https:\/\/griechischefilmwoche.com\/el\/news-el\/dialexh-2024\/","og_site_name":"Griechische Filmwoche","article_published_time":"2024-10-16T09:44:53+00:00","article_modified_time":"2024-10-16T09:49:41+00:00","og_image":[{"width":1920,"height":1080,"url":"https:\/\/griechischefilmwoche.com\/wp-content\/uploads\/2024\/10\/Ausstellung_Opener.jpg","type":"image\/jpeg"}],"author":"gfw-kostas","twitter_card":"summary_large_image","twitter_misc":{"\u03a3\u03c5\u03bd\u03c4\u03ac\u03c7\u03b8\u03b7\u03ba\u03b5 \u03b1\u03c0\u03cc":"gfw-kostas","\u0395\u03ba\u03c4\u03b9\u03bc\u03ce\u03bc\u03b5\u03bd\u03bf\u03c2 \u03c7\u03c1\u03cc\u03bd\u03bf\u03c2 \u03b1\u03bd\u03ac\u03b3\u03bd\u03c9\u03c3\u03b7\u03c2":"4 \u03bb\u03b5\u03c0\u03c4\u03ac"},"schema":{"@context":"https:\/\/schema.org","@graph":[{"@type":"Article","@id":"https:\/\/griechischefilmwoche.com\/el\/news-el\/dialexh-2024\/#article","isPartOf":{"@id":"https:\/\/griechischefilmwoche.com\/el\/news-el\/dialexh-2024\/"},"author":{"name":"gfw-kostas","@id":"https:\/\/griechischefilmwoche.com\/el\/#\/schema\/person\/c04a70d149fd4aa62ee55b71ebf8143a"},"headline":"\u0388\u03ba\u03b8\u03b5\u03c3\u03b7 \u03c4\u03b7\u03c2 \u0395\u03b2\u03b4\u03bf\u03bc\u03ac\u03b4\u03b1\u03c2 \u0395\u03bb\u03bb\u03b7\u03bd\u03b9\u03ba\u03bf\u03cd \u039a\u03b9\u03bd\u03b7\u03bc\u03b1\u03c4\u03bf\u03b3\u03c1\u03ac\u03c6\u03bf\u03c5","datePublished":"2024-10-16T09:44:53+00:00","dateModified":"2024-10-16T09:49:41+00:00","mainEntityOfPage":{"@id":"https:\/\/griechischefilmwoche.com\/el\/news-el\/dialexh-2024\/"},"wordCount":3971,"image":{"@id":"https:\/\/griechischefilmwoche.com\/el\/news-el\/dialexh-2024\/#primaryimage"},"thumbnailUrl":"https:\/\/griechischefilmwoche.com\/wp-content\/uploads\/2024\/10\/Ausstellung_Opener.jpg","articleSection":["News"],"inLanguage":"el"},{"@type":"WebPage","@id":"https:\/\/griechischefilmwoche.com\/el\/news-el\/dialexh-2024\/","url":"https:\/\/griechischefilmwoche.com\/el\/news-el\/dialexh-2024\/","name":"\u0388\u03ba\u03b8\u03b5\u03c3\u03b7 \u03c4\u03b7\u03c2 \u0395\u03b2\u03b4\u03bf\u03bc\u03ac\u03b4\u03b1\u03c2 \u0395\u03bb\u03bb\u03b7\u03bd\u03b9\u03ba\u03bf\u03cd \u039a\u03b9\u03bd\u03b7\u03bc\u03b1\u03c4\u03bf\u03b3\u03c1\u03ac\u03c6\u03bf\u03c5 - Griechische Filmwoche","isPartOf":{"@id":"https:\/\/griechischefilmwoche.com\/el\/#website"},"primaryImageOfPage":{"@id":"https:\/\/griechischefilmwoche.com\/el\/news-el\/dialexh-2024\/#primaryimage"},"image":{"@id":"https:\/\/griechischefilmwoche.com\/el\/news-el\/dialexh-2024\/#primaryimage"},"thumbnailUrl":"https:\/\/griechischefilmwoche.com\/wp-content\/uploads\/2024\/10\/Ausstellung_Opener.jpg","datePublished":"2024-10-16T09:44:53+00:00","dateModified":"2024-10-16T09:49:41+00:00","author":{"@id":"https:\/\/griechischefilmwoche.com\/el\/#\/schema\/person\/c04a70d149fd4aa62ee55b71ebf8143a"},"breadcrumb":{"@id":"https:\/\/griechischefilmwoche.com\/el\/news-el\/dialexh-2024\/#breadcrumb"},"inLanguage":"el","potentialAction":[{"@type":"ReadAction","target":["https:\/\/griechischefilmwoche.com\/el\/news-el\/dialexh-2024\/"]}]},{"@type":"ImageObject","inLanguage":"el","@id":"https:\/\/griechischefilmwoche.com\/el\/news-el\/dialexh-2024\/#primaryimage","url":"https:\/\/griechischefilmwoche.com\/wp-content\/uploads\/2024\/10\/Ausstellung_Opener.jpg","contentUrl":"https:\/\/griechischefilmwoche.com\/wp-content\/uploads\/2024\/10\/Ausstellung_Opener.jpg","width":1920,"height":1080},{"@type":"BreadcrumbList","@id":"https:\/\/griechischefilmwoche.com\/el\/news-el\/dialexh-2024\/#breadcrumb","itemListElement":[{"@type":"ListItem","position":1,"name":"Home","item":"https:\/\/griechischefilmwoche.com\/el\/programm2025\/"},{"@type":"ListItem","position":2,"name":"\u0388\u03ba\u03b8\u03b5\u03c3\u03b7 \u03c4\u03b7\u03c2 \u0395\u03b2\u03b4\u03bf\u03bc\u03ac\u03b4\u03b1\u03c2 \u0395\u03bb\u03bb\u03b7\u03bd\u03b9\u03ba\u03bf\u03cd \u039a\u03b9\u03bd\u03b7\u03bc\u03b1\u03c4\u03bf\u03b3\u03c1\u03ac\u03c6\u03bf\u03c5"}]},{"@type":"WebSite","@id":"https:\/\/griechischefilmwoche.com\/el\/#website","url":"https:\/\/griechischefilmwoche.com\/el\/","name":"Griechische Filmwoche","description":"","potentialAction":[{"@type":"SearchAction","target":{"@type":"EntryPoint","urlTemplate":"https:\/\/griechischefilmwoche.com\/el\/?s={search_term_string}"},"query-input":{"@type":"PropertyValueSpecification","valueRequired":true,"valueName":"search_term_string"}}],"inLanguage":"el"},{"@type":"Person","@id":"https:\/\/griechischefilmwoche.com\/el\/#\/schema\/person\/c04a70d149fd4aa62ee55b71ebf8143a","name":"gfw-kostas","image":{"@type":"ImageObject","inLanguage":"el","@id":"https:\/\/secure.gravatar.com\/avatar\/d210c37a97c15c0e086a2864635d73b552b87c7bae60840899dac8c432b8ce41?s=96&d=mm&r=g","url":"https:\/\/secure.gravatar.com\/avatar\/d210c37a97c15c0e086a2864635d73b552b87c7bae60840899dac8c432b8ce41?s=96&d=mm&r=g","contentUrl":"https:\/\/secure.gravatar.com\/avatar\/d210c37a97c15c0e086a2864635d73b552b87c7bae60840899dac8c432b8ce41?s=96&d=mm&r=g","caption":"gfw-kostas"},"url":"https:\/\/griechischefilmwoche.com\/el\/author\/kostasgfw\/"}]}},"_links":{"self":[{"href":"https:\/\/griechischefilmwoche.com\/el\/wp-json\/wp\/v2\/posts\/6759","targetHints":{"allow":["GET"]}}],"collection":[{"href":"https:\/\/griechischefilmwoche.com\/el\/wp-json\/wp\/v2\/posts"}],"about":[{"href":"https:\/\/griechischefilmwoche.com\/el\/wp-json\/wp\/v2\/types\/post"}],"author":[{"embeddable":true,"href":"https:\/\/griechischefilmwoche.com\/el\/wp-json\/wp\/v2\/users\/4"}],"replies":[{"embeddable":true,"href":"https:\/\/griechischefilmwoche.com\/el\/wp-json\/wp\/v2\/comments?post=6759"}],"version-history":[{"count":5,"href":"https:\/\/griechischefilmwoche.com\/el\/wp-json\/wp\/v2\/posts\/6759\/revisions"}],"predecessor-version":[{"id":6768,"href":"https:\/\/griechischefilmwoche.com\/el\/wp-json\/wp\/v2\/posts\/6759\/revisions\/6768"}],"wp:featuredmedia":[{"embeddable":true,"href":"https:\/\/griechischefilmwoche.com\/el\/wp-json\/wp\/v2\/media\/6754"}],"wp:attachment":[{"href":"https:\/\/griechischefilmwoche.com\/el\/wp-json\/wp\/v2\/media?parent=6759"}],"wp:term":[{"taxonomy":"category","embeddable":true,"href":"https:\/\/griechischefilmwoche.com\/el\/wp-json\/wp\/v2\/categories?post=6759"},{"taxonomy":"post_tag","embeddable":true,"href":"https:\/\/griechischefilmwoche.com\/el\/wp-json\/wp\/v2\/tags?post=6759"}],"curies":[{"name":"wp","href":"https:\/\/api.w.org\/{rel}","templated":true}]}}